{"id":292,"date":"2018-09-21T10:03:35","date_gmt":"2018-09-21T10:03:35","guid":{"rendered":"http:\/\/talleresalvaro.es\/?p=292"},"modified":"2018-09-26T09:27:04","modified_gmt":"2018-09-26T09:27:04","slug":"montajes-mecanicos","status":"publish","type":"post","link":"https:\/\/talleresalvaro.es\/?p=292","title":{"rendered":"Montajes Mec\u00e1nicos"},"content":{"rendered":"<p style=\"text-align: justify;\">En Talleres \u00c1lvaro podemos dar soluci\u00f3n a la necesidad de realizar montajes mec\u00e1nicos de distinto tipo. Colaboramos con ingenier\u00edas que necesitan de la construcci\u00f3n de maquinaria con unas caracter\u00edsticas espec\u00edficas sobre planos concretos.&nbsp;<\/p>\n<p style=\"text-align: justify;\">M\u00e1ndenos sus planos y haga sus m\u00e1quinas realidad.&nbsp;<\/p>\n<div class=\"rl-gallery-container rl-loading\" id=\"rl-gallery-container-1\" data-gallery_id=\"271\"> <div class=\"rl-gallery rl-basicgrid-gallery \" id=\"rl-gallery-1\" data-gallery_no=\"1\"> <div class=\"rl-gallery-item\"><a href=\"https:\/\/talleresalvaro.es\/wp-content\/uploads\/2018\/09\/2012-08-09-13.24.19-768x576.jpg\" title=\"Construcci\u00f3n de maquinaria s\/plano.\" data-rl_title=\"Construcci\u00f3n de maquinaria s\/plano.\" class=\"rl-gallery-link\" data-rl_caption=\"\" data-rel=\"lightbox-gallery-1\"><img src=\"https:\/\/talleresalvaro.es\/wp-content\/uploads\/2018\/09\/2012-08-09-13.24.19-300x225.jpg\" width=\"300\" height=\"225\" \/><\/a><\/div><div class=\"rl-gallery-item\"><a href=\"https:\/\/talleresalvaro.es\/wp-content\/uploads\/2018\/09\/2013-07-17-16.52.26-768x576.jpg\" title=\"Construcci\u00f3n de maquinaria s\/plano.\" data-rl_title=\"Construcci\u00f3n de maquinaria s\/plano.\" class=\"rl-gallery-link\" data-rl_caption=\"\" data-rel=\"lightbox-gallery-1\"><img src=\"https:\/\/talleresalvaro.es\/wp-content\/uploads\/2018\/09\/2013-07-17-16.52.26-300x225.jpg\" width=\"300\" height=\"225\" \/><\/a><\/div><div class=\"rl-gallery-item\"><a href=\"https:\/\/talleresalvaro.es\/wp-content\/uploads\/2018\/09\/Molino-768x534.jpg\" title=\"Tambor para filtro.\" data-rl_title=\"Tambor para filtro.\" class=\"rl-gallery-link\" data-rl_caption=\"\" data-rel=\"lightbox-gallery-1\"><img src=\"https:\/\/talleresalvaro.es\/wp-content\/uploads\/2018\/09\/Molino-300x209.jpg\" width=\"300\" height=\"209\" \/><\/a><\/div> <\/div> <\/div>\n","protected":false},"excerpt":{"rendered":"<p>En Talleres \u00c1lvaro podemos dar soluci\u00f3n a la necesidad de realizar montajes mec\u00e1nicos de distinto tipo. Colaboramos con ingenier\u00edas que necesitan de la construcci\u00f3n de maquinaria con unas caracter\u00edsticas espec\u00edficas sobre planos concretos.&nbsp; M\u00e1ndenos sus planos y haga sus m\u00e1quinas realidad.&nbsp;<\/p>\n","protected":false},"author":1,"featured_media":272,"comment_status":"closed","ping_status":"closed","sticky":false,"template":"","format":"gallery","meta":[],"categories":[1],"tags":[],"_links":{"self":[{"href":"https:\/\/talleresalvaro.es\/index.php?rest_route=\/wp\/v2\/posts\/292"}],"collection":[{"href":"https:\/\/talleresalvaro.es\/index.php?rest_route=\/wp\/v2\/posts"}],"about":[{"href":"https:\/\/talleresalvaro.es\/index.php?rest_route=\/wp\/v2\/types\/post"}],"author":[{"embeddable":true,"href":"https:\/\/talleresalvaro.es\/index.php?rest_route=\/wp\/v2\/users\/1"}],"replies":[{"embeddable":true,"href":"https:\/\/talleresalvaro.es\/index.php?rest_route=%2Fwp%2Fv2%2Fcomments&post=292"}],"version-history":[{"count":2,"href":"https:\/\/talleresalvaro.es\/index.php?rest_route=\/wp\/v2\/posts\/292\/revisions"}],"predecessor-version":[{"id":294,"href":"https:\/\/talleresalvaro.es\/index.php?rest_route=\/wp\/v2\/posts\/292\/revisions\/294"}],"wp:featuredmedia":[{"embeddable":true,"href":"https:\/\/talleresalvaro.es\/index.php?rest_route=\/wp\/v2\/media\/272"}],"wp:attachment":[{"href":"https:\/\/talleresalvaro.es\/index.php?rest_route=%2Fwp%2Fv2%2Fmedia&parent=292"}],"wp:term":[{"taxonomy":"category","embeddable":true,"href":"https:\/\/talleresalvaro.es\/index.php?rest_route=%2Fwp%2Fv2%2Fcategories&post=292"},{"taxonomy":"post_tag","embeddable":true,"href":"https:\/\/talleresalvaro.es\/index.php?rest_route=%2Fwp%2Fv2%2Ftags&post=292"}],"curies":[{"name":"wp","href":"https:\/\/api.w.org\/{rel}","templated":true}]}}